{"id":75,"date":"2011-10-26T13:58:13","date_gmt":"2011-10-26T16:58:13","guid":{"rendered":"http:\/\/www.batori.com.br\/blog\/?p=75"},"modified":"2011-10-26T14:09:43","modified_gmt":"2011-10-26T17:09:43","slug":"palestra-sobre-seguranca-da-informacao-em-aplicacoes-web-no-instituto-federal-de-educacao-ciencia-e-tecnologia-de-sao-paulo-ifsp","status":"publish","type":"post","link":"http:\/\/www.batori.com.br\/blog\/palestra-sobre-seguranca-da-informacao-em-aplicacoes-web-no-instituto-federal-de-educacao-ciencia-e-tecnologia-de-sao-paulo-ifsp\/","title":{"rendered":"Palestra sobre seguran\u00e7a da informa\u00e7\u00e3o em aplica\u00e7\u00f5es web no Instituto Federal de Educa\u00e7\u00e3o, Ci\u00eancia e Tecnologia de S\u00e3o Paulo (IFSP)"},"content":{"rendered":"<p>Dia 27 de outubro de 2011, ser\u00e1 ministrada uma palestra sobre seguran\u00e7a da informa\u00e7\u00e3o em aplica\u00e7\u00f5es web no Instituto Federal de Educa\u00e7\u00e3o, Ci\u00eancia e Tecnologia de S\u00e3o Paulo (IFSP).<\/p>\n<p>Os alunos da institui\u00e7\u00e3o ter\u00e3o uma excelente oportunidade de conhecer mais sobre prote\u00e7\u00e3o de aplica\u00e7\u00f5es web atrav\u00e9s da an\u00e1lise de t\u00e9cnicas de ataques que buscam explorar vulnerabilidades ou brechas deixadas nas aplica\u00e7\u00f5es da internet ou intranets corporativas.<\/p>\n<p>A palestra ser\u00e1 ministrada pelo especialista Ricardo Kiyoshi, que \u00e9 respons\u00e1vel pelos projetos de seguran\u00e7a em aplica\u00e7\u00f5es realizados pela empresa Batori.<\/p>\n<p>Tamb\u00e9m ser\u00e3o abordados assuntos como tend\u00eancias e novas tecnologias de seguran\u00e7a da informa\u00e7\u00e3o e uma vis\u00e3o do mercado de trabalho na \u00e1rea para quem est\u00e1 escolhendo sua carreira profissional.<\/p>\n<p>A Semana de Tecnologia da Informa\u00e7\u00e3o \u00e9 uma iniciativa da CCI &#8211; Coordena\u00e7\u00e3o de Cursos de Inform\u00e1tica e do NAI &#8211; N\u00facleo Acad\u00eamico de Inform\u00e1tica do IFSP &#8211; Campus S\u00e3o Paulo. O objetivo \u00e9 proporcionar um transfer skill entre os profissionais do mercado de trabalho e a comunidade acad\u00eamica promovendo as atividades de Educa\u00e7\u00e3o e Tecnologias, valorizando a criatividade, a atitude cient\u00edfica e a inova\u00e7\u00e3o do conhecimento. Desta forma, pretendemos demonstrar a import\u00e2ncia da Educa\u00e7\u00e3o, Ci\u00eancia e Tecnologia para a vida de cada um e, tamb\u00e9m, para o desenvolvimento do Pa\u00eds. O evento possibilita, ainda, que a popula\u00e7\u00e3o conhe\u00e7a e discuta os resultados, a relev\u00e2ncia e o impacto das pesquisas cient\u00edficas, tecnol\u00f3gicas bem como suas aplica\u00e7\u00f5es.<\/p>\n<p>Mais informa\u00e7\u00f5es: http:\/\/spo.ifsp.edu.br\/semanadeti\/<\/p>\n<div id=\"_mcePaste\" style=\"position: absolute; left: -10000px; top: 0px; width: 1px; height: 1px; overflow: hidden;\">A Semana de Tecnologia da Informa\u00e7\u00e3o \u00e9 uma iniciativa da CCI &#8211; Coordena\u00e7\u00e3o de Cursos de Inform\u00e1tica e do NAI &#8211; N\u00facleo Acad\u00eamico de Inform\u00e1tica do IFSP &#8211; Campus S\u00e3o Paulo. O objetivo \u00e9 proporcionar um transfer skill entre os profissionais do mercado de trabalho e a comunidade acad\u00eamica promovendo as atividades de Educa\u00e7\u00e3o e Tecnologias, valorizando a criatividade, a atitude cient\u00edfica e a inova\u00e7\u00e3o do conhecimento. Desta forma, pretendemos demonstrar a import\u00e2ncia da Educa\u00e7\u00e3o, Ci\u00eancia e Tecnologia para a vida de cada um e, tamb\u00e9m, para o desenvolvimento do Pa\u00eds. O evento possibilita, ainda, que a popula\u00e7\u00e3o conhe\u00e7a e discuta os resultados, a relev\u00e2ncia e o impacto das pesquisas cient\u00edficas, tecnol\u00f3gicas bem como suas aplica\u00e7\u00f5es.<\/p>\n<p>Mais informa\u00e7\u00f5es: http:\/\/spo.ifsp.edu.br\/semanadeti\/A Semana de Tecnologia da Informa\u00e7\u00e3o \u00e9 uma iniciativa da CCI &#8211; Coordena\u00e7\u00e3o de Cursos de Inform\u00e1tica e do NAI &#8211; N\u00facleo Acad\u00eamico de Inform\u00e1tica do IFSP &#8211; Campus S\u00e3o Paulo. O objetivo \u00e9 proporcionar um transfer skill entre os profissionais do mercado de trabalho e a comunidade acad\u00eamica promovendo as atividades de Educa\u00e7\u00e3o e Tecnologias, valorizando a criatividade, a atitude cient\u00edfica e a inova\u00e7\u00e3o do conhecimento. Desta forma, pretendemos demonstrar a import\u00e2ncia da Educa\u00e7\u00e3o, Ci\u00eancia e Tecnologia para a vida de cada um e, tamb\u00e9m, para o desenvolvimento do Pa\u00eds. O evento possibilita, ainda, que a popula\u00e7\u00e3o conhe\u00e7a e discuta os resultados, a relev\u00e2ncia e o impacto das pesquisas cient\u00edficas, tecnol\u00f3gicas bem como suas aplica\u00e7\u00f5es.<\/p>\n<p>Mais informa\u00e7\u00f5es: <a href=\"http:\/\/spo.ifsp.edu.br\/semanadeti\/\">http:\/\/spo.ifsp.edu.br\/semanadeti\/<\/a><\/p>\n<\/div>\n","protected":false},"excerpt":{"rendered":"<p>Dia 27 de outubro de 2011, ser\u00e1 ministrada uma palestra sobre seguran\u00e7a da informa\u00e7\u00e3o em aplica\u00e7\u00f5es web no Instituto Federal de Educa\u00e7\u00e3o, Ci\u00eancia e Tecnologia de S\u00e3o Paulo (IFSP). Os alunos da institui\u00e7\u00e3o ter\u00e3o uma excelente oportunidade de conhecer mais &hellip; <a href=\"http:\/\/www.batori.com.br\/blog\/palestra-sobre-seguranca-da-informacao-em-aplicacoes-web-no-instituto-federal-de-educacao-ciencia-e-tecnologia-de-sao-paulo-ifsp\/\">Continue lendo <span class=\"meta-nav\">&rarr;<\/span><\/a><\/p>\n","protected":false},"author":125,"featured_media":0,"comment_status":"open","ping_status":"open","sticky":false,"template":"","format":"standard","meta":{"footnotes":""},"categories":[2],"tags":[],"_links":{"self":[{"href":"http:\/\/www.batori.com.br\/blog\/wp-json\/wp\/v2\/posts\/75"}],"collection":[{"href":"http:\/\/www.batori.com.br\/blog\/wp-json\/wp\/v2\/posts"}],"about":[{"href":"http:\/\/www.batori.com.br\/blog\/wp-json\/wp\/v2\/types\/post"}],"author":[{"embeddable":true,"href":"http:\/\/www.batori.com.br\/blog\/wp-json\/wp\/v2\/users\/125"}],"replies":[{"embeddable":true,"href":"http:\/\/www.batori.com.br\/blog\/wp-json\/wp\/v2\/comments?post=75"}],"version-history":[{"count":6,"href":"http:\/\/www.batori.com.br\/blog\/wp-json\/wp\/v2\/posts\/75\/revisions"}],"predecessor-version":[{"id":81,"href":"http:\/\/www.batori.com.br\/blog\/wp-json\/wp\/v2\/posts\/75\/revisions\/81"}],"wp:attachment":[{"href":"http:\/\/www.batori.com.br\/blog\/wp-json\/wp\/v2\/media?parent=75"}],"wp:term":[{"taxonomy":"category","embeddable":true,"href":"http:\/\/www.batori.com.br\/blog\/wp-json\/wp\/v2\/categories?post=75"},{"taxonomy":"post_tag","embeddable":true,"href":"http:\/\/www.batori.com.br\/blog\/wp-json\/wp\/v2\/tags?post=75"}],"curies":[{"name":"wp","href":"https:\/\/api.w.org\/{rel}","templated":true}]}}